[{"@context":"https:\/\/schema.org\/","@type":"Article","@id":"https:\/\/www.mistrkancl.cz\/muzi-uz-prim-nehraji\/#Article","mainEntityOfPage":"https:\/\/www.mistrkancl.cz\/muzi-uz-prim-nehraji\/","headline":"Mu\u017ei u\u017e prim nehraj\u00ed","name":"Mu\u017ei u\u017e prim nehraj\u00ed","description":"Mu\u017ei hr\u00e1li dlouh\u00e1 stalet\u00ed prim. \u017deny pat\u0159ily mezi ob\u010dany druh\u00e9 kategorie. Samoz\u0159ejm\u011b existovaly ur\u010dit\u00e9 v\u00fdjimky, ale \u017eeny zkr\u00e1tka nem\u011bly na r\u016f\u017e\u00edch ustl\u00e1no. M\u011bnit se to za\u010dalo v devaten\u00e1ct\u00e9m stolet\u00ed a opravdov\u00e9 emancipace se \u017eeny do\u010dkaly a\u017e ve stolet\u00ed dvac\u00e1t\u00e9m a mohutn\u011b sv\u016fj prostoj v historii doh\u00e1n\u011bn\u00ed. Co naplat, sou\u010dasn\u00e1 doba v na\u0161\u00ed civilizaci rozhodn\u011b p\u0159eje [&hellip;]","datePublished":"2020-09-12","dateModified":"2023-05-09","author":{"@type":"Person","@id":"https:\/\/www.mistrkancl.cz\/author\/#Person","name":"","url":"https:\/\/www.mistrkancl.cz\/author\/","identifier":1,"image":{"@type":"ImageObject","@id":"https:\/\/secure.gravatar.com\/avatar\/baa231f7e1963b29d6549eb0e137b049d877d4e97c51386f463c7d4fc98329bd?s=96&d=mm&r=g","url":"https:\/\/secure.gravatar.com\/avatar\/baa231f7e1963b29d6549eb0e137b049d877d4e97c51386f463c7d4fc98329bd?s=96&d=mm&r=g","height":96,"width":96}},"publisher":{"@type":"Organization","name":"mistrkancl.cz","logo":{"@type":"ImageObject","@id":"\/logo.png","url":"\/logo.png","width":600,"height":60}},"image":{"@type":"ImageObject","@id":"https:\/\/www.mistrkancl.cz\/wp-content\/uploads\/img_a309481_w2263_t1520421742.jpg","url":"https:\/\/www.mistrkancl.cz\/wp-content\/uploads\/img_a309481_w2263_t1520421742.jpg","height":0,"width":0},"url":"https:\/\/www.mistrkancl.cz\/muzi-uz-prim-nehraji\/","about":["Mu\u017ei"],"wordCount":402,"articleBody":"\tMu\u017ei hr\u00e1li dlouh\u00e1 stalet\u00ed prim. \u017deny pat\u0159ily mezi ob\u010dany druh\u00e9 kategorie. Samoz\u0159ejm\u011b existovaly ur\u010dit\u00e9 v\u00fdjimky, ale \u017eeny zkr\u00e1tka nem\u011bly na r\u016f\u017e\u00edch ustl\u00e1no. M\u011bnit se to za\u010dalo v devaten\u00e1ct\u00e9m stolet\u00ed a opravdov\u00e9 emancipace se \u017eeny do\u010dkaly a\u017e ve stolet\u00ed dvac\u00e1t\u00e9m a mohutn\u011b sv\u016fj prostoj v historii doh\u00e1n\u011bn\u00ed. Co naplat, sou\u010dasn\u00e1 doba v na\u0161\u00ed civilizaci rozhodn\u011b p\u0159eje \u017een\u00e1m a z d\u0159\u00edve dominantn\u00edch mu\u017e\u016f se st\u00e1vaj\u00ed tak trochu troubov\u00e9, kte\u0159\u00ed u\u017e d\u00e1vno nemaj\u00ed nad \u017eenami navrch. Ale bylo by nespravedliv\u00e9 jim up\u00edrat ur\u010dit\u00e9 kvality. V n\u011bkter\u00fdch z\u00e1le\u017eitostech jsou mu\u017ei prost\u011b lep\u0161\u00ed. Poj\u010fme se spole\u010dn\u011b zamyslet v \u010dem.\t\tV \u010dem jsou mu\u017ei lep\u0161\u00ed\tNevykecaj\u00ed i to, co nev\u00ed\tPro \u017eenu nen\u00ed snadn\u00e9 udr\u017eet tajemstv\u00ed. Prost\u011b to nejde. Alespo\u0148 jedn\u00e9 kamar\u00e1dce to mus\u00edte sv\u011b\u0159it se slovy, nikomu to ne\u0159\u00edkej. A kamar\u00e1dka to tak\u00e9 mus\u00ed \u0159\u00edct alespo\u0148 jedn\u00e9 kamar\u00e1dce a kamar\u00e1dka kamar\u00e1dky&hellip; To mu\u017ei prost\u011b ned\u011blaj\u00ed, proto\u017ee na informaci za chv\u00edli zapomenou.\t&nbsp;\tJsou sout\u011b\u017eiv\u011bj\u0161\u00ed\tMu\u017ei jsou v\u011bt\u0161\u00ed hr\u00e1\u010di. Projevuje se to nejen v oblasti sportu, ale nap\u0159\u00edklad i v oblasti podnik\u00e1n\u00ed nebo v politice. Jako podnikatel\u00e9 jsou mu\u017ei mnohem drav\u011bj\u0161\u00ed. Zp\u016fsobuje to do zna\u010dn\u00e9 m\u00edry hormon testosteron.\t&nbsp;\tL\u00e9pe spolu vych\u00e1zej\u00ed\tD\u00e1me V\u00e1m jednu ot\u00e1zku. Kter\u00fd kolektiv je lep\u0161\u00ed? Ten \u017eensk\u00fd nebo ten mu\u017esk\u00fd? Asi drtiv\u00e1 v\u011bt\u0161ina odpov\u00ed, ten mu\u017esk\u00fd. Dobr\u00fd \u017eensk\u00fd kolektiv je anom\u00e1lie, dobr\u00fd mu\u017esk\u00fd kolektiv je norm\u00e1lka.\t&nbsp;\tP\u0159e\u017eij\u00ed sn\u00e1ze v krizov\u00fdch podm\u00ednk\u00e1ch\tPokud se ocitne mu\u017e na pust\u00e9m ostrov\u011b, bude z\u0159ejm\u011b \u00fasp\u011b\u0161n\u011bj\u0161\u00ed v p\u0159e\u017eit\u00ed ne\u017e \u017eena. Dok\u00e1\u017ee si vyrobit zbra\u0148 a ulovit domorod\u00e9 zv\u00ed\u0159e. Souvis\u00ed to s v\u00fd\u0161e uveden\u00fdmi mu\u017esk\u00fdmi hormony testosterony, kter\u00e9 mu usnad\u0148uj\u00ed p\u0159e\u017eit\u00ed v divo\u010din\u011b.\t&nbsp;\tJe technicky zdatn\u011bj\u0161\u00ed\tSamoz\u0159ejm\u011b najdeme technicky zdatn\u00e9 \u017eeny, ale je to sp\u00ed\u0161e v\u00fdjimka. Technicky zdatn\u00ed jsou p\u0159edev\u0161\u00edm mu\u017ei. U mu\u017e\u016f toti\u017e dominuje lev\u00e1 mozkov\u00e1 hemisf\u00e9ra, kter\u00e1 souvis\u00ed s logick\u00fdm a technick\u00fdm my\u0161len\u00edm.                                                                                                                                                                                                                                                                                                                                                                                        4.2\/5 - (11 votes)        "},{"@context":"https:\/\/schema.org\/","@type":"BreadcrumbList","itemListElement":[{"@type":"ListItem","position":1,"name":"Mu\u017ei u\u017e prim nehraj\u00ed","item":"https:\/\/www.mistrkancl.cz\/muzi-uz-prim-nehraji\/#breadcrumbitem"}]}]