[{"@context":"https:\/\/schema.org\/","@type":"Article","@id":"https:\/\/www.mistrkancl.cz\/vyzva-nejen-pro-zaky\/#Article","mainEntityOfPage":"https:\/\/www.mistrkancl.cz\/vyzva-nejen-pro-zaky\/","headline":"V\u00fdzva nejen pro \u017e\u00e1ky","name":"V\u00fdzva nejen pro \u017e\u00e1ky","description":"Ned\u00e1vno za\u010dal nov\u00fd \u0161koln\u00ed rok. Skoro ka\u017ed\u00fd \u0161kol\u00e1k si kladenov\u00e1 p\u0159edsevzet\u00ed. Budu se u\u010dit. Tato p\u0159edsevzet\u00ed si ve skrytu du\u0161e kladou i ti nejv\u011bt\u0161\u00ed lajd\u00e1ci, bohu\u017eel jen m\u00e1lokomu to p\u0159edsevzet\u00ed vydr\u017e\u00ed d\u00e9le ne\u017e t\u00fdden. Nejsou to ov\u0161em jen \u017e\u00e1ci, u\u010dni a studenti. P\u0159edsevzet\u00ed si kladou tak\u00e9 rodi\u010de. Te\u010f kone\u010dn\u011b za\u010dnu dohl\u00ed\u017eet na to, aby se [&hellip;]","datePublished":"2023-05-09","dateModified":"2023-05-09","author":{"@type":"Person","@id":"https:\/\/www.mistrkancl.cz\/author\/#Person","name":"","url":"https:\/\/www.mistrkancl.cz\/author\/","identifier":1,"image":{"@type":"ImageObject","@id":"https:\/\/secure.gravatar.com\/avatar\/baa231f7e1963b29d6549eb0e137b049d877d4e97c51386f463c7d4fc98329bd?s=96&d=mm&r=g","url":"https:\/\/secure.gravatar.com\/avatar\/baa231f7e1963b29d6549eb0e137b049d877d4e97c51386f463c7d4fc98329bd?s=96&d=mm&r=g","height":96,"width":96}},"publisher":{"@type":"Organization","name":"mistrkancl.cz","logo":{"@type":"ImageObject","@id":"\/logo.png","url":"\/logo.png","width":600,"height":60}},"image":{"@type":"ImageObject","@id":"https:\/\/www.mistrkancl.cz\/wp-content\/uploads\/img_a295230_w2157_t1506762751.jpg","url":"https:\/\/www.mistrkancl.cz\/wp-content\/uploads\/img_a295230_w2157_t1506762751.jpg","height":0,"width":0},"url":"https:\/\/www.mistrkancl.cz\/vyzva-nejen-pro-zaky\/","wordCount":487,"articleBody":"Ned\u00e1vno za\u010dal nov\u00fd \u0161koln\u00ed rok. Skoro ka\u017ed\u00fd \u0161kol\u00e1k si kladenov\u00e1 p\u0159edsevzet\u00ed. Budu se u\u010dit. Tato p\u0159edsevzet\u00ed si ve skrytu du\u0161e kladou i ti nejv\u011bt\u0161\u00ed lajd\u00e1ci, bohu\u017eel jen m\u00e1lokomu to p\u0159edsevzet\u00ed vydr\u017e\u00ed d\u00e9le ne\u017e t\u00fdden.Nejsou to ov\u0161em jen \u017e\u00e1ci, u\u010dni a studenti. P\u0159edsevzet\u00ed si kladou tak\u00e9 rodi\u010de. Te\u010f kone\u010dn\u011b za\u010dnu dohl\u00ed\u017eet na to, aby se d\u011bti doma po\u0159\u00e1dn\u011b p\u0159ipravovali.Dost mo\u017en\u00e1 si p\u0159edsevzet\u00ed kladou tak\u00e9 u\u010ditel\u00e9. Te\u010f se kone\u010dn\u011b vr\u00e1t\u00edm ke sv\u00fdm pedagogick\u00fdm ide\u00e1l\u016fm z ml\u00e1d\u00ed.Ur\u010dit\u011b je za\u010d\u00e1tek \u0161koln\u00edho roku velkou v\u00fdzvou. A to nikoli jen pro \u017e\u00e1ky, ale pr\u00e1v\u011b tak\u00e9 pro rodi\u010de a u\u010ditele.\u00a0\tVelk\u00e1 v\u00fdzva pro rodi\u010de\t\tRodi\u010de by m\u011bli v\u011bnovat adekv\u00e1tn\u00ed pozornost v\u00fduce sv\u00fdch d\u011bt\u00ed a to pravideln\u011b. Nap\u0159\u00edklad nen\u00ed d\u016fvod se s d\u011btmi u\u010dit, pokud to d\u011bti evidentn\u011b nemaj\u00ed zapot\u0159eb\u00ed, z\u00e1rove\u0148 u d\u011bt\u00ed se specifick\u00fdmi poruchami se rodi\u010de mus\u00ed zapojit do u\u010den\u00ed opravdu ka\u017ed\u00fd den. Sta\u010d\u00ed v\u0161ak jen p\u00e1r minut denn\u011b, kter\u00e9 jsou efektivn\u011bj\u0161\u00ed ne\u017e dvouhodinov\u00fd dril, z n\u011bho\u017e d\u00edt\u011b stejn\u011b nic nez\u00edsk\u00e1.\t\tRodi\u010de by m\u011bli b\u00fdt d\u016fsledn\u00ed a pro dobro sv\u00fdch d\u011bt\u00ed dodr\u017eovat sv\u00e1 p\u0159edsevzet\u00ed.\t\tRodi\u010de by m\u011bli vymyslet zaj\u00edmav\u00fd syst\u00e9m trest\u016f a odm\u011bn (trest\u016f m\u00edrn\u00fdch, kdy trest\u00e1me hlavn\u011b nep\u0159ipravenost, v \u017e\u00e1dn\u00e9m p\u0159\u00edpad\u011b nejsou akceptovateln\u00e9 tresty t\u011blesn\u00e9)\t\tRodi\u010de by m\u011bli akceptovat u\u010ditele a hledat s nimi spole\u010dnou \u0159e\u010d a spolupr\u00e1ci. Na tom stoj\u00ed \u00fasp\u011bch v\u00fduky i v\u00fdchovy d\u00edt\u011bte.\t\tRodi\u010de by m\u011bli v\u00e9st d\u011bti k tomu, aby sv\u00e9 u\u010ditele vn\u00edmali jako skute\u010dnou autoritu a chovali se k nim s n\u00e1le\u017eitou \u00factou a to bez ohledu na to, \u017ee ne ka\u017ed\u00fd u\u010ditel n\u00e1m sed\u00ed.\u00a0\u00a0\tVelk\u00e1 v\u00fdzva pro u\u010ditele\t\tU\u010ditel\u00e9 by m\u011bli b\u00fdt objektivn\u00eda nem\u011bli by nadr\u017eovat d\u011btem z l\u00e9pe situovan\u00fdch rodin, nebo sv\u00fdm obl\u00edbenc\u016fm.\t\tU\u010ditel\u00e9 by nem\u011bli a priori stigmatizovat d\u011bti, kter\u00e9 jsou n\u011bjak\u00fdm zp\u016fsobem odli\u0161n\u00e9. Nap\u0159\u00edklad poch\u00e1z\u00ed ze soci\u00e1ln\u011b slab\u0161\u00edho prost\u0159ed\u00ed apod.\t\tU\u010ditel\u00e9 by si m\u011bli uv\u011bdomit jak hlubok\u00fd vliv m\u00e1 jejich lidsk\u00fd p\u0159\u00edstup na v\u00fdvoj osobnosti d\u00edt\u011bte a proto by m\u011bli p\u0159ed \u017e\u00e1ky p\u0159istupovat s maxim\u00e1ln\u00ed zodpov\u011bdnost\u00ed.U\u010ditel\u00e9 by m\u011blimaxim\u00e1ln\u011b spolupracovat s rodi\u010di a to i s t\u011bmi, s nimi\u017e je to obt\u00ed\u017en\u00e9.                                                                                                                                                                                                                                                                                                                                                                                        4.7\/5 - (6 votes)        "},{"@context":"https:\/\/schema.org\/","@type":"BreadcrumbList","itemListElement":[{"@type":"ListItem","position":1,"name":"V\u00fdzva nejen pro \u017e\u00e1ky","item":"https:\/\/www.mistrkancl.cz\/vyzva-nejen-pro-zaky\/#breadcrumbitem"}]}]